{"id":274,"date":"2018-08-10T22:56:17","date_gmt":"2018-08-10T20:56:17","guid":{"rendered":"https:\/\/saschafluechter.de\/reisetagebuch\/?p=274"},"modified":"2019-08-17T13:04:57","modified_gmt":"2019-08-17T11:04:57","slug":"arcade-poio","status":"publish","type":"post","link":"https:\/\/saschafluechter.de\/reisetagebuch\/2018\/08\/10\/arcade-poio\/","title":{"rendered":"Von Arcade nach Poio (23,2 km)"},"content":{"rendered":"<p style=\"text-align: justify;\">Heute morgen bin ich um 7:00 Uhr losgelaufen ohne dar\u00fcber nachzudenken, dass ich laufe. Alles geht ganz automatisch, der Rucksack ist fast ein Teil von mir, die Schuhe sitzen perfekt, die St\u00f6cke finden den Takt. Nicht nur ich laufe, es l\u00e4uft.<!--more--><\/p>\n<p style=\"text-align: justify;\">Es ist noch dunkel und \u00fcberall in der Umgebung kr\u00e4hen die H\u00e4hne. Erst der Weg aus Arcade hinaus zeigt die sch\u00f6nsten Stellen der Stadt und das im Licht der aufgehenden Sonne.<\/p>\n<p><img loading=\"lazy\" decoding=\"async\" class=\"size-full wp-image-281\" src=\"https:\/\/saschafluechter.de\/reisetagebuch\/wp-content\/uploads\/2018\/08\/img_3695.jpg\" width=\"800\" height=\"600\" srcset=\"https:\/\/saschafluechter.de\/reisetagebuch\/wp-content\/uploads\/2018\/08\/img_3695.jpg 800w, https:\/\/saschafluechter.de\/reisetagebuch\/wp-content\/uploads\/2018\/08\/img_3695-300x225.jpg 300w, https:\/\/saschafluechter.de\/reisetagebuch\/wp-content\/uploads\/2018\/08\/img_3695-768x576.jpg 768w\" sizes=\"auto, (max-width: 767px) 89vw, (max-width: 1000px) 54vw, (max-width: 1071px) 543px, 580px\" \/><img loading=\"lazy\" decoding=\"async\" class=\"size-full wp-image-282\" src=\"https:\/\/saschafluechter.de\/reisetagebuch\/wp-content\/uploads\/2018\/08\/img_3698.jpg\" width=\"800\" height=\"600\" srcset=\"https:\/\/saschafluechter.de\/reisetagebuch\/wp-content\/uploads\/2018\/08\/img_3698.jpg 800w, https:\/\/saschafluechter.de\/reisetagebuch\/wp-content\/uploads\/2018\/08\/img_3698-300x225.jpg 300w, https:\/\/saschafluechter.de\/reisetagebuch\/wp-content\/uploads\/2018\/08\/img_3698-768x576.jpg 768w\" sizes=\"auto, (max-width: 767px) 89vw, (max-width: 1000px) 54vw, (max-width: 1071px) 543px, 580px\" \/><img loading=\"lazy\" decoding=\"async\" class=\"size-full wp-image-283\" src=\"https:\/\/saschafluechter.de\/reisetagebuch\/wp-content\/uploads\/2018\/08\/img_3699.jpg\" width=\"600\" height=\"800\" srcset=\"https:\/\/saschafluechter.de\/reisetagebuch\/wp-content\/uploads\/2018\/08\/img_3699.jpg 600w, https:\/\/saschafluechter.de\/reisetagebuch\/wp-content\/uploads\/2018\/08\/img_3699-225x300.jpg 225w\" sizes=\"auto, (max-width: 600px) 100vw, 600px\" \/><img loading=\"lazy\" decoding=\"async\" class=\"size-full wp-image-284\" src=\"https:\/\/saschafluechter.de\/reisetagebuch\/wp-content\/uploads\/2018\/08\/img_3700.jpg\" width=\"800\" height=\"600\" srcset=\"https:\/\/saschafluechter.de\/reisetagebuch\/wp-content\/uploads\/2018\/08\/img_3700.jpg 800w, https:\/\/saschafluechter.de\/reisetagebuch\/wp-content\/uploads\/2018\/08\/img_3700-300x225.jpg 300w, https:\/\/saschafluechter.de\/reisetagebuch\/wp-content\/uploads\/2018\/08\/img_3700-768x576.jpg 768w\" sizes=\"auto, (max-width: 767px) 89vw, (max-width: 1000px) 54vw, (max-width: 1071px) 543px, 580px\" \/><\/p>\n<p style=\"text-align: justify;\">Da meine Gedanken sich nicht mehr mit dem Laufen besch\u00e4ftigen, sind sie frei f\u00fcr alles, was kommt. Das sind unterschiedliche Gedanken, sch\u00f6ne und h\u00e4ssliche, erw\u00fcnschte und unerw\u00fcnschte. Ich wundere mich, weil ich so manches f\u00fcr erledigt gehalten habe. Es ist wie bei der Meditation. Die Gedanken kommen auf und ziehen weiter, wenn ich nicht auf sie einsteige.<\/p>\n<p style=\"text-align: justify;\">Heute dauert es lange, bis auf dem Weg eine Bar oder ein Caf\u00e9 f\u00fcrs Fr\u00fchst\u00fcck auftaucht. Daf\u00fcr finde ich am Wegrand eine kleine Kapelle f\u00fcr das Morgengebet. Die Akustik ist super und der Klang des (gesungenen) Benedictus klingt nochmal ganz anders als sonst. Die Gebete laut zu sprechen f\u00e4llt mir inzwischen leicht.<\/p>\n<p style=\"text-align: justify;\">In Pontevedra verabschiedet sich dann Annieke. Eigentlich wollte sie in zehn Tagen bis Santiago laufen, bevor sie mit ihrem Freund Urlaub macht. Das hat sie nicht geschafft. Sie sagt, dass der Caminho sie diesmal lehre, etwas zu tun ohne es beenden zu k\u00f6nnen. Hier war am Ende tats\u00e4chlich der Weg das Ziel.<\/p>\n<p><img loading=\"lazy\" decoding=\"async\" class=\"wp-image-286 size-full\" src=\"https:\/\/saschafluechter.de\/reisetagebuch\/wp-content\/uploads\/2018\/08\/img_3709.jpg\" width=\"600\" height=\"800\" srcset=\"https:\/\/saschafluechter.de\/reisetagebuch\/wp-content\/uploads\/2018\/08\/img_3709.jpg 600w, https:\/\/saschafluechter.de\/reisetagebuch\/wp-content\/uploads\/2018\/08\/img_3709-225x300.jpg 225w\" sizes=\"auto, (max-width: 600px) 100vw, 600px\" \/><img loading=\"lazy\" decoding=\"async\" class=\"wp-image-287 size-full\" src=\"https:\/\/saschafluechter.de\/reisetagebuch\/wp-content\/uploads\/2018\/08\/img_3708.jpg\" width=\"600\" height=\"800\" srcset=\"https:\/\/saschafluechter.de\/reisetagebuch\/wp-content\/uploads\/2018\/08\/img_3708.jpg 600w, https:\/\/saschafluechter.de\/reisetagebuch\/wp-content\/uploads\/2018\/08\/img_3708-225x300.jpg 225w\" sizes=\"auto, (max-width: 600px) 100vw, 600px\" \/><img loading=\"lazy\" decoding=\"async\" class=\"size-full wp-image-288\" src=\"https:\/\/saschafluechter.de\/reisetagebuch\/wp-content\/uploads\/2018\/08\/img_3711.jpg\" width=\"800\" height=\"600\" srcset=\"https:\/\/saschafluechter.de\/reisetagebuch\/wp-content\/uploads\/2018\/08\/img_3711.jpg 800w, https:\/\/saschafluechter.de\/reisetagebuch\/wp-content\/uploads\/2018\/08\/img_3711-300x225.jpg 300w, https:\/\/saschafluechter.de\/reisetagebuch\/wp-content\/uploads\/2018\/08\/img_3711-768x576.jpg 768w\" sizes=\"auto, (max-width: 767px) 89vw, (max-width: 1000px) 54vw, (max-width: 1071px) 543px, 580px\" \/><img loading=\"lazy\" decoding=\"async\" class=\"wp-image-289 size-full\" src=\"https:\/\/saschafluechter.de\/reisetagebuch\/wp-content\/uploads\/2018\/08\/20210b88-5bae-4bba-9478-c631dcec0b3e.jpg\" width=\"800\" height=\"600\" srcset=\"https:\/\/saschafluechter.de\/reisetagebuch\/wp-content\/uploads\/2018\/08\/20210b88-5bae-4bba-9478-c631dcec0b3e.jpg 800w, https:\/\/saschafluechter.de\/reisetagebuch\/wp-content\/uploads\/2018\/08\/20210b88-5bae-4bba-9478-c631dcec0b3e-300x225.jpg 300w, https:\/\/saschafluechter.de\/reisetagebuch\/wp-content\/uploads\/2018\/08\/20210b88-5bae-4bba-9478-c631dcec0b3e-768x576.jpg 768w\" sizes=\"auto, (max-width: 767px) 89vw, (max-width: 1000px) 54vw, (max-width: 1071px) 543px, 580px\" \/><\/p>\n<p style=\"text-align: justify;\">In der Stadt ist m\u00e4chtig was los. Wir schauen uns ein wenig um, wollen aber noch weiter. An der <a href=\"https:\/\/gl.wikipedia.org\/wiki\/Capela_da_Virxe_Peregrina_de_Pontevedra\">Capela da Virxe Peregrina de Pontevedra<\/a> treffe ich auf einen Bettler. Er erinnert mich daran, dass ich in Porto entschieden hatte, den Bettlern, die mir auf dem Weg begegnen, etwas zu geben. Das tue ich ansonsten in der Regel nicht. Auf dem Jakobsweg schlafe ich in Herbergen, die von Ehrenamtlichen gef\u00fchrt werden gegen eine Spende. Ich esse in den Restaurants Men\u00fcs f\u00fcr Pilger f\u00fcr weit unter zehn Euro. Ich werde von Fremden zum Essen eingeladen, ohne darum bitten zu m\u00fcssen. Deshalb habe ich jetzt immer ein paar M\u00fcnzen in der Tasche, um etwas zu geben und nicht nur zu nehmen.<\/p>\n<p style=\"text-align: justify;\">Nachdem wir schon ein ganzes St\u00fcck aus Pontevedra heraus gelaufen sind, kommt die Stelle, an der die <a href=\"https:\/\/www.varianteespiritual.com\">&#8222;Variante Espiritual&#8220;<\/a> vom Hauptweg abzweigt. Wir folgen dem Weg den Berg hinauf durch eine noch einmal etwas andere Landschaft als bisher.<\/p>\n<p><img loading=\"lazy\" decoding=\"async\" class=\"wp-image-290 size-full\" src=\"https:\/\/saschafluechter.de\/reisetagebuch\/wp-content\/uploads\/2018\/08\/img_3716.jpg\" width=\"600\" height=\"800\" srcset=\"https:\/\/saschafluechter.de\/reisetagebuch\/wp-content\/uploads\/2018\/08\/img_3716.jpg 600w, https:\/\/saschafluechter.de\/reisetagebuch\/wp-content\/uploads\/2018\/08\/img_3716-225x300.jpg 225w\" sizes=\"auto, (max-width: 600px) 100vw, 600px\" \/><img loading=\"lazy\" decoding=\"async\" class=\"size-full wp-image-292\" src=\"https:\/\/saschafluechter.de\/reisetagebuch\/wp-content\/uploads\/2018\/08\/img_3720.jpg\" width=\"600\" height=\"800\" srcset=\"https:\/\/saschafluechter.de\/reisetagebuch\/wp-content\/uploads\/2018\/08\/img_3720.jpg 600w, https:\/\/saschafluechter.de\/reisetagebuch\/wp-content\/uploads\/2018\/08\/img_3720-225x300.jpg 225w\" sizes=\"auto, (max-width: 600px) 100vw, 600px\" \/><img loading=\"lazy\" decoding=\"async\" class=\"wp-image-291 size-full\" src=\"https:\/\/saschafluechter.de\/reisetagebuch\/wp-content\/uploads\/2018\/08\/img_3722.jpg\" width=\"800\" height=\"600\" srcset=\"https:\/\/saschafluechter.de\/reisetagebuch\/wp-content\/uploads\/2018\/08\/img_3722.jpg 800w, https:\/\/saschafluechter.de\/reisetagebuch\/wp-content\/uploads\/2018\/08\/img_3722-300x225.jpg 300w, https:\/\/saschafluechter.de\/reisetagebuch\/wp-content\/uploads\/2018\/08\/img_3722-768x576.jpg 768w\" sizes=\"auto, (max-width: 767px) 89vw, (max-width: 1000px) 54vw, (max-width: 1071px) 543px, 580px\" \/><img loading=\"lazy\" decoding=\"async\" class=\"size-full wp-image-293\" src=\"https:\/\/saschafluechter.de\/reisetagebuch\/wp-content\/uploads\/2018\/08\/img_3719.jpg\" width=\"600\" height=\"800\" srcset=\"https:\/\/saschafluechter.de\/reisetagebuch\/wp-content\/uploads\/2018\/08\/img_3719.jpg 600w, https:\/\/saschafluechter.de\/reisetagebuch\/wp-content\/uploads\/2018\/08\/img_3719-225x300.jpg 225w\" sizes=\"auto, (max-width: 600px) 100vw, 600px\" \/><\/p>\n<p style=\"text-align: justify;\">Ziel der Etappe ist das <a href=\"http:\/\/www.turismo.gal\/fotos\/imagenes\/flash\/arquitecturareligiosanp\/vr_27_poio\/index.html\">Kloster San Juan de Poio<\/a>, in dem eine <a href=\"http:\/\/www.hospederiasdegalicia.com\/de\/pontevedra\/hospederia-monasterio-de-poio\">Herberge<\/a> untergebracht ist. Ein beeindruckendes Geb\u00e4ude, in dem man das alte Kloster und die Kirche besichtigen kann. Es ist au\u00dferdem eine g\u00fcnstige Unterkunft mit einem gewissen Hotelkomfort.<\/p>\n<p><img loading=\"lazy\" decoding=\"async\" class=\"size-full wp-image-294\" src=\"https:\/\/saschafluechter.de\/reisetagebuch\/wp-content\/uploads\/2018\/08\/img_3752.jpg\" width=\"800\" height=\"600\" srcset=\"https:\/\/saschafluechter.de\/reisetagebuch\/wp-content\/uploads\/2018\/08\/img_3752.jpg 800w, https:\/\/saschafluechter.de\/reisetagebuch\/wp-content\/uploads\/2018\/08\/img_3752-300x225.jpg 300w, https:\/\/saschafluechter.de\/reisetagebuch\/wp-content\/uploads\/2018\/08\/img_3752-768x576.jpg 768w\" sizes=\"auto, (max-width: 767px) 89vw, (max-width: 1000px) 54vw, (max-width: 1071px) 543px, 580px\" \/><img loading=\"lazy\" decoding=\"async\" class=\"wp-image-296 size-full\" src=\"https:\/\/saschafluechter.de\/reisetagebuch\/wp-content\/uploads\/2018\/08\/img_3726.jpg\" width=\"600\" height=\"800\" srcset=\"https:\/\/saschafluechter.de\/reisetagebuch\/wp-content\/uploads\/2018\/08\/img_3726.jpg 600w, https:\/\/saschafluechter.de\/reisetagebuch\/wp-content\/uploads\/2018\/08\/img_3726-225x300.jpg 225w\" sizes=\"auto, (max-width: 600px) 100vw, 600px\" \/><img loading=\"lazy\" decoding=\"async\" class=\"size-full wp-image-295\" src=\"https:\/\/saschafluechter.de\/reisetagebuch\/wp-content\/uploads\/2018\/08\/img_3732.jpg\" width=\"800\" height=\"600\" srcset=\"https:\/\/saschafluechter.de\/reisetagebuch\/wp-content\/uploads\/2018\/08\/img_3732.jpg 800w, https:\/\/saschafluechter.de\/reisetagebuch\/wp-content\/uploads\/2018\/08\/img_3732-300x225.jpg 300w, https:\/\/saschafluechter.de\/reisetagebuch\/wp-content\/uploads\/2018\/08\/img_3732-768x576.jpg 768w\" sizes=\"auto, (max-width: 767px) 89vw, (max-width: 1000px) 54vw, (max-width: 1071px) 543px, 580px\" \/><img loading=\"lazy\" decoding=\"async\" class=\"size-full wp-image-298\" src=\"https:\/\/saschafluechter.de\/reisetagebuch\/wp-content\/uploads\/2018\/08\/img_3739.jpg\" width=\"600\" height=\"800\" srcset=\"https:\/\/saschafluechter.de\/reisetagebuch\/wp-content\/uploads\/2018\/08\/img_3739.jpg 600w, https:\/\/saschafluechter.de\/reisetagebuch\/wp-content\/uploads\/2018\/08\/img_3739-225x300.jpg 225w\" sizes=\"auto, (max-width: 600px) 100vw, 600px\" \/><img loading=\"lazy\" decoding=\"async\" class=\"size-full wp-image-297\" src=\"https:\/\/saschafluechter.de\/reisetagebuch\/wp-content\/uploads\/2018\/08\/img_3733.jpg\" width=\"600\" height=\"800\" srcset=\"https:\/\/saschafluechter.de\/reisetagebuch\/wp-content\/uploads\/2018\/08\/img_3733.jpg 600w, https:\/\/saschafluechter.de\/reisetagebuch\/wp-content\/uploads\/2018\/08\/img_3733-225x300.jpg 225w\" sizes=\"auto, (max-width: 600px) 100vw, 600px\" \/><\/p>\n<p style=\"text-align: justify;\">Einziges Problem im Hotelzimmer ist das Trocknen der gewaschenen W\u00e4sche. Das ist die Stunde der W\u00e4scheleine, die ich im Rucksack mit mir herumtrage. Die Liste der Dinge, die ich nicht benutzt habe, wird k\u00fcrzer und k\u00fcrzer.<\/p>\n<p><img loading=\"lazy\" decoding=\"async\" class=\"size-full wp-image-300\" src=\"https:\/\/saschafluechter.de\/reisetagebuch\/wp-content\/uploads\/2018\/08\/img_3731.jpg\" width=\"800\" height=\"600\" srcset=\"https:\/\/saschafluechter.de\/reisetagebuch\/wp-content\/uploads\/2018\/08\/img_3731.jpg 800w, https:\/\/saschafluechter.de\/reisetagebuch\/wp-content\/uploads\/2018\/08\/img_3731-300x225.jpg 300w, https:\/\/saschafluechter.de\/reisetagebuch\/wp-content\/uploads\/2018\/08\/img_3731-768x576.jpg 768w\" sizes=\"auto, (max-width: 767px) 89vw, (max-width: 1000px) 54vw, (max-width: 1071px) 543px, 580px\" \/><img loading=\"lazy\" decoding=\"async\" class=\"wp-image-299 size-full\" src=\"https:\/\/saschafluechter.de\/reisetagebuch\/wp-content\/uploads\/2018\/08\/a4f7115a-1d1d-4850-abbb-a481f016eb24.jpg\" width=\"800\" height=\"600\" srcset=\"https:\/\/saschafluechter.de\/reisetagebuch\/wp-content\/uploads\/2018\/08\/a4f7115a-1d1d-4850-abbb-a481f016eb24.jpg 800w, https:\/\/saschafluechter.de\/reisetagebuch\/wp-content\/uploads\/2018\/08\/a4f7115a-1d1d-4850-abbb-a481f016eb24-300x225.jpg 300w, https:\/\/saschafluechter.de\/reisetagebuch\/wp-content\/uploads\/2018\/08\/a4f7115a-1d1d-4850-abbb-a481f016eb24-768x576.jpg 768w\" sizes=\"auto, (max-width: 767px) 89vw, (max-width: 1000px) 54vw, (max-width: 1071px) 543px, 580px\" \/><\/p>\n<p style=\"text-align: justify;\">Auch das Essen l\u00e4uft heute nicht so ganz nach Plan. Zwar habe ich gelesen, dass es in spanischen Restaurants au\u00dferhalb der Touristenst\u00e4dte erst ab 21:00 Uhr Essen gibt, aber wer kann ahnen, dass die Spanier sich auch tats\u00e4chlich daran halten. Also haben wir eingekauft und neben der W\u00e4scheleine ein Picknick im Zimmer veranstaltet.<\/p>\n<p><img loading=\"lazy\" decoding=\"async\" class=\"size-full wp-image-285\" src=\"https:\/\/saschafluechter.de\/reisetagebuch\/wp-content\/uploads\/2018\/08\/img_3754.jpg\" width=\"600\" height=\"800\" srcset=\"https:\/\/saschafluechter.de\/reisetagebuch\/wp-content\/uploads\/2018\/08\/img_3754.jpg 600w, https:\/\/saschafluechter.de\/reisetagebuch\/wp-content\/uploads\/2018\/08\/img_3754-225x300.jpg 225w\" sizes=\"auto, (max-width: 600px) 100vw, 600px\" \/><\/p>\n<p style=\"text-align: justify;\">Ich bin mal gespannt, wie es Dave und Raymond, den beiden Iren in Punkte W\u00e4schetrocknen und Abendessen ergangen ist. Sie sind n\u00e4mlich auch auf der Variante Espiritual unterwegs. Wir werden sie morgen sicher wieder irgendwo unterwegs treffen.<\/p>\n","protected":false},"excerpt":{"rendered":"<p>Heute morgen bin ich um 7:00 Uhr losgelaufen ohne dar\u00fcber nachzudenken, dass ich laufe. Alles geht ganz automatisch, der Rucksack ist fast ein Teil von mir, die Schuhe sitzen perfekt, die St\u00f6cke finden den Takt. Nicht nur ich laufe, es l\u00e4uft.<\/p>\n","protected":false},"author":2,"featured_media":298,"comment_status":"open","ping_status":"open","sticky":false,"template":"","format":"standard","meta":{"jetpack_post_was_ever_published":false,"_jetpack_newsletter_access":"","_jetpack_dont_email_post_to_subs":false,"_jetpack_newsletter_tier_id":0,"_jetpack_memberships_contains_paywalled_content":false,"_jetpack_memberships_contains_paid_content":false,"footnotes":"","jetpack_publicize_message":"","jetpack_publicize_feature_enabled":true,"jetpack_social_post_already_shared":false,"jetpack_social_options":{"image_generator_settings":{"template":"highway","enabled":false},"version":2}},"categories":[5],"tags":[],"class_list":["post-274","post","type-post","status-publish","format-standard","has-post-thumbnail","hentry","category-mein-caminho"],"jetpack_publicize_connections":[],"jetpack_featured_media_url":"https:\/\/saschafluechter.de\/reisetagebuch\/wp-content\/uploads\/2018\/08\/img_3739.jpg","jetpack_sharing_enabled":true,"jetpack_shortlink":"https:\/\/wp.me\/pabUI4-4q","_links":{"self":[{"href":"https:\/\/saschafluechter.de\/reisetagebuch\/wp-json\/wp\/v2\/posts\/274","targetHints":{"allow":["GET"]}}],"collection":[{"href":"https:\/\/saschafluechter.de\/reisetagebuch\/wp-json\/wp\/v2\/posts"}],"about":[{"href":"https:\/\/saschafluechter.de\/reisetagebuch\/wp-json\/wp\/v2\/types\/post"}],"author":[{"embeddable":true,"href":"https:\/\/saschafluechter.de\/reisetagebuch\/wp-json\/wp\/v2\/users\/2"}],"replies":[{"embeddable":true,"href":"https:\/\/saschafluechter.de\/reisetagebuch\/wp-json\/wp\/v2\/comments?post=274"}],"version-history":[{"count":9,"href":"https:\/\/saschafluechter.de\/reisetagebuch\/wp-json\/wp\/v2\/posts\/274\/revisions"}],"predecessor-version":[{"id":852,"href":"https:\/\/saschafluechter.de\/reisetagebuch\/wp-json\/wp\/v2\/posts\/274\/revisions\/852"}],"wp:featuredmedia":[{"embeddable":true,"href":"https:\/\/saschafluechter.de\/reisetagebuch\/wp-json\/wp\/v2\/media\/298"}],"wp:attachment":[{"href":"https:\/\/saschafluechter.de\/reisetagebuch\/wp-json\/wp\/v2\/media?parent=274"}],"wp:term":[{"taxonomy":"category","embeddable":true,"href":"https:\/\/saschafluechter.de\/reisetagebuch\/wp-json\/wp\/v2\/categories?post=274"},{"taxonomy":"post_tag","embeddable":true,"href":"https:\/\/saschafluechter.de\/reisetagebuch\/wp-json\/wp\/v2\/tags?post=274"}],"curies":[{"name":"wp","href":"https:\/\/api.w.org\/{rel}","templated":true}]}}