{"id":663,"date":"2019-08-09T22:35:14","date_gmt":"2019-08-09T20:35:14","guid":{"rendered":"https:\/\/saschafluechter.de\/reisetagebuch\/2019\/08\/09\/von-achenkirch-nach-eben-165-km-536-hoehenmeter\/"},"modified":"2019-12-31T15:59:05","modified_gmt":"2019-12-31T14:59:05","slug":"von-achenkirch-nach-eben-165-km-536-hoehenmeter","status":"publish","type":"post","link":"https:\/\/saschafluechter.de\/reisetagebuch\/2019\/08\/09\/von-achenkirch-nach-eben-165-km-536-hoehenmeter\/","title":{"rendered":"Von Achenkirch nach Eben (16,5 km, 536 H\u00f6henmeter)"},"content":{"rendered":"<blockquote><p>Die gr\u00f6\u00dfte Sehensw\u00fcrdigkeit am Achensee ist der See selbst. Tirols gr\u00f6\u00dfter See liegt auf einer H\u00f6he von rund 930 Metern, ist 10 km lang und bis zu 133 Meter tief. Wie ein Fjord bettet er sich in das Rofangebirge im Osten und das Karwendelgebirge im Westen.<\/p><\/blockquote>\n<blockquote><p>(Die Alpen\u00fcberquerung. Kompass Wandertouren Karte 2556, Innsbruck 2019)<\/p><\/blockquote>\n<p>Dem kann ich mich nur anschlie\u00dfen. Die Etappe ist einfach traumhaft sch\u00f6n. Am n\u00f6rdlichen Seeufer geht es rauf auf den Geisalmsteig, der am Steilufer des Sees entlang f\u00fchrt.<!--more--><\/p>\n<p><img loading=\"lazy\" decoding=\"async\" class=\"size-full wp-image-636\" src=\"https:\/\/saschafluechter.de\/reisetagebuch\/wp-content\/uploads\/2019\/08\/img_5237.jpg\" width=\"800\" height=\"600\" srcset=\"https:\/\/saschafluechter.de\/reisetagebuch\/wp-content\/uploads\/2019\/08\/img_5237.jpg 800w, https:\/\/saschafluechter.de\/reisetagebuch\/wp-content\/uploads\/2019\/08\/img_5237-300x225.jpg 300w, https:\/\/saschafluechter.de\/reisetagebuch\/wp-content\/uploads\/2019\/08\/img_5237-768x576.jpg 768w\" sizes=\"auto, (max-width: 767px) 89vw, (max-width: 1000px) 54vw, (max-width: 1071px) 543px, 580px\" \/><img loading=\"lazy\" decoding=\"async\" class=\"size-full wp-image-637\" src=\"https:\/\/saschafluechter.de\/reisetagebuch\/wp-content\/uploads\/2019\/08\/img_5243.jpg\" width=\"600\" height=\"800\" srcset=\"https:\/\/saschafluechter.de\/reisetagebuch\/wp-content\/uploads\/2019\/08\/img_5243.jpg 600w, https:\/\/saschafluechter.de\/reisetagebuch\/wp-content\/uploads\/2019\/08\/img_5243-225x300.jpg 225w\" sizes=\"auto, (max-width: 600px) 100vw, 600px\" \/><img loading=\"lazy\" decoding=\"async\" class=\"size-full wp-image-638\" src=\"https:\/\/saschafluechter.de\/reisetagebuch\/wp-content\/uploads\/2019\/08\/img_5244.jpg\" width=\"600\" height=\"800\" srcset=\"https:\/\/saschafluechter.de\/reisetagebuch\/wp-content\/uploads\/2019\/08\/img_5244.jpg 600w, https:\/\/saschafluechter.de\/reisetagebuch\/wp-content\/uploads\/2019\/08\/img_5244-225x300.jpg 225w\" sizes=\"auto, (max-width: 600px) 100vw, 600px\" \/><\/p>\n<p>Laut Wanderf\u00fchrer erfordert der Steig \u201eeine gute Trittsicherheit und Schwindelfreiheit\u201c. Tats\u00e4chlich ist das an einzelnen Stellen unabdingbar. Beides scheint bei mir vorhanden zu sein. Gefahr geht f\u00fcr mich eher vom t\u00fcrkisfarbenen Wasser des Sees aus, das ich st\u00e4ndig nach Fischaktivit\u00e4ten absuche, w\u00e4hrend der Weg wirklich die volle Konzentration erfordert. Au\u00dferdem gibt es sehr steile Auf- und Abstiege. Auch hier jagt ein Postkartenmotiv das n\u00e4chste. Aber die Fotos geben kaum wieder, wie der Weg und die Aussicht tats\u00e4chlich sind.<\/p>\n<p><img loading=\"lazy\" decoding=\"async\" class=\"size-full wp-image-639\" src=\"https:\/\/saschafluechter.de\/reisetagebuch\/wp-content\/uploads\/2019\/08\/img_5253.jpg\" width=\"800\" height=\"600\" srcset=\"https:\/\/saschafluechter.de\/reisetagebuch\/wp-content\/uploads\/2019\/08\/img_5253.jpg 800w, https:\/\/saschafluechter.de\/reisetagebuch\/wp-content\/uploads\/2019\/08\/img_5253-300x225.jpg 300w, https:\/\/saschafluechter.de\/reisetagebuch\/wp-content\/uploads\/2019\/08\/img_5253-768x576.jpg 768w\" sizes=\"auto, (max-width: 767px) 89vw, (max-width: 1000px) 54vw, (max-width: 1071px) 543px, 580px\" \/><img loading=\"lazy\" decoding=\"async\" class=\"size-full wp-image-644\" src=\"https:\/\/saschafluechter.de\/reisetagebuch\/wp-content\/uploads\/2019\/08\/img_5270.jpg\" width=\"600\" height=\"800\" srcset=\"https:\/\/saschafluechter.de\/reisetagebuch\/wp-content\/uploads\/2019\/08\/img_5270.jpg 600w, https:\/\/saschafluechter.de\/reisetagebuch\/wp-content\/uploads\/2019\/08\/img_5270-225x300.jpg 225w\" sizes=\"auto, (max-width: 600px) 100vw, 600px\" \/><\/p>\n<p><img loading=\"lazy\" decoding=\"async\" class=\"size-full wp-image-650\" src=\"https:\/\/saschafluechter.de\/reisetagebuch\/wp-content\/uploads\/2019\/08\/img_5260.jpg\" width=\"800\" height=\"600\" srcset=\"https:\/\/saschafluechter.de\/reisetagebuch\/wp-content\/uploads\/2019\/08\/img_5260.jpg 800w, https:\/\/saschafluechter.de\/reisetagebuch\/wp-content\/uploads\/2019\/08\/img_5260-300x225.jpg 300w, https:\/\/saschafluechter.de\/reisetagebuch\/wp-content\/uploads\/2019\/08\/img_5260-768x576.jpg 768w\" sizes=\"auto, (max-width: 767px) 89vw, (max-width: 1000px) 54vw, (max-width: 1071px) 543px, 580px\" \/><img loading=\"lazy\" decoding=\"async\" class=\"size-full wp-image-647\" src=\"https:\/\/saschafluechter.de\/reisetagebuch\/wp-content\/uploads\/2019\/08\/img_5265.jpg\" width=\"800\" height=\"600\" srcset=\"https:\/\/saschafluechter.de\/reisetagebuch\/wp-content\/uploads\/2019\/08\/img_5265.jpg 800w, https:\/\/saschafluechter.de\/reisetagebuch\/wp-content\/uploads\/2019\/08\/img_5265-300x225.jpg 300w, https:\/\/saschafluechter.de\/reisetagebuch\/wp-content\/uploads\/2019\/08\/img_5265-768x576.jpg 768w\" sizes=\"auto, (max-width: 767px) 89vw, (max-width: 1000px) 54vw, (max-width: 1071px) 543px, 580px\" \/><img loading=\"lazy\" decoding=\"async\" class=\"size-full wp-image-651\" src=\"https:\/\/saschafluechter.de\/reisetagebuch\/wp-content\/uploads\/2019\/08\/img_5266.jpg\" width=\"800\" height=\"600\" srcset=\"https:\/\/saschafluechter.de\/reisetagebuch\/wp-content\/uploads\/2019\/08\/img_5266.jpg 800w, https:\/\/saschafluechter.de\/reisetagebuch\/wp-content\/uploads\/2019\/08\/img_5266-300x225.jpg 300w, https:\/\/saschafluechter.de\/reisetagebuch\/wp-content\/uploads\/2019\/08\/img_5266-768x576.jpg 768w\" sizes=\"auto, (max-width: 767px) 89vw, (max-width: 1000px) 54vw, (max-width: 1071px) 543px, 580px\" \/><img loading=\"lazy\" decoding=\"async\" class=\"size-full wp-image-649\" src=\"https:\/\/saschafluechter.de\/reisetagebuch\/wp-content\/uploads\/2019\/08\/img_5268.jpg\" width=\"600\" height=\"800\" srcset=\"https:\/\/saschafluechter.de\/reisetagebuch\/wp-content\/uploads\/2019\/08\/img_5268.jpg 600w, https:\/\/saschafluechter.de\/reisetagebuch\/wp-content\/uploads\/2019\/08\/img_5268-225x300.jpg 225w\" sizes=\"auto, (max-width: 600px) 100vw, 600px\" \/><\/p>\n<p><img loading=\"lazy\" decoding=\"async\" class=\"size-full wp-image-643\" src=\"https:\/\/saschafluechter.de\/reisetagebuch\/wp-content\/uploads\/2019\/08\/img_5278.jpg\" width=\"800\" height=\"600\" srcset=\"https:\/\/saschafluechter.de\/reisetagebuch\/wp-content\/uploads\/2019\/08\/img_5278.jpg 800w, https:\/\/saschafluechter.de\/reisetagebuch\/wp-content\/uploads\/2019\/08\/img_5278-300x225.jpg 300w, https:\/\/saschafluechter.de\/reisetagebuch\/wp-content\/uploads\/2019\/08\/img_5278-768x576.jpg 768w\" sizes=\"auto, (max-width: 767px) 89vw, (max-width: 1000px) 54vw, (max-width: 1071px) 543px, 580px\" \/><img loading=\"lazy\" decoding=\"async\" class=\"size-full wp-image-645\" src=\"https:\/\/saschafluechter.de\/reisetagebuch\/wp-content\/uploads\/2019\/08\/img_5280.jpg\" width=\"800\" height=\"600\" srcset=\"https:\/\/saschafluechter.de\/reisetagebuch\/wp-content\/uploads\/2019\/08\/img_5280.jpg 800w, https:\/\/saschafluechter.de\/reisetagebuch\/wp-content\/uploads\/2019\/08\/img_5280-300x225.jpg 300w, https:\/\/saschafluechter.de\/reisetagebuch\/wp-content\/uploads\/2019\/08\/img_5280-768x576.jpg 768w\" sizes=\"auto, (max-width: 767px) 89vw, (max-width: 1000px) 54vw, (max-width: 1071px) 543px, 580px\" \/><img loading=\"lazy\" decoding=\"async\" class=\"size-full wp-image-642\" src=\"https:\/\/saschafluechter.de\/reisetagebuch\/wp-content\/uploads\/2019\/08\/img_5272.jpg\" width=\"800\" height=\"600\" srcset=\"https:\/\/saschafluechter.de\/reisetagebuch\/wp-content\/uploads\/2019\/08\/img_5272.jpg 800w, https:\/\/saschafluechter.de\/reisetagebuch\/wp-content\/uploads\/2019\/08\/img_5272-300x225.jpg 300w, https:\/\/saschafluechter.de\/reisetagebuch\/wp-content\/uploads\/2019\/08\/img_5272-768x576.jpg 768w\" sizes=\"auto, (max-width: 767px) 89vw, (max-width: 1000px) 54vw, (max-width: 1071px) 543px, 580px\" \/><\/p>\n<p>In Pertisau verabschiede ich mich &#8211; nach einem letzten gemeinsamen Bier &#8211; von Uli und Kurt. Sie nehmen das Schiff bis zur Seespitz und steigen dann die 800 m zur Erfurter H\u00fctte auf, in der sie \u00fcbernachten werden. Meine morgige Etappe \u00fcberspringen sie, so dass sie mir dann jeweils einen Tag voraus sein werden. Es war eine tolle Zeit mit den beiden, die wirklich nette und lustige Gef\u00e4hrten sind.<\/p>\n<p><img loading=\"lazy\" decoding=\"async\" class=\"size-full wp-image-652\" src=\"https:\/\/saschafluechter.de\/reisetagebuch\/wp-content\/uploads\/2019\/08\/img_5236.jpg\" width=\"800\" height=\"600\" srcset=\"https:\/\/saschafluechter.de\/reisetagebuch\/wp-content\/uploads\/2019\/08\/img_5236.jpg 800w, https:\/\/saschafluechter.de\/reisetagebuch\/wp-content\/uploads\/2019\/08\/img_5236-300x225.jpg 300w, https:\/\/saschafluechter.de\/reisetagebuch\/wp-content\/uploads\/2019\/08\/img_5236-768x576.jpg 768w\" sizes=\"auto, (max-width: 767px) 89vw, (max-width: 1000px) 54vw, (max-width: 1071px) 543px, 580px\" \/><\/p>\n<p>Wieder alleine, gehe ich &#8211; einer spontanen Entscheidung folgend &#8211; nicht unten am Seeufer weiter, sondern auf dem Forstweg, der parallel dazu etwa 50 m oberhalb verl\u00e4uft . Ein Schild weist auf einen \u201eBesinnungsweg\u201c hin. W\u00e4hrend ich noch dar\u00fcber nachdenke, was es wohl damit auf sich hat, sehe ich im Wald ein Heft liegen, dass den \u201eBesinnungs-Dien-Mut-Weg St. Notburga\u201c beschreibt.<\/p>\n<p><img loading=\"lazy\" decoding=\"async\" class=\"size-full wp-image-653\" src=\"https:\/\/saschafluechter.de\/reisetagebuch\/wp-content\/uploads\/2019\/08\/img_5312.jpg\" width=\"800\" height=\"600\" srcset=\"https:\/\/saschafluechter.de\/reisetagebuch\/wp-content\/uploads\/2019\/08\/img_5312.jpg 800w, https:\/\/saschafluechter.de\/reisetagebuch\/wp-content\/uploads\/2019\/08\/img_5312-300x225.jpg 300w, https:\/\/saschafluechter.de\/reisetagebuch\/wp-content\/uploads\/2019\/08\/img_5312-768x576.jpg 768w\" sizes=\"auto, (max-width: 767px) 89vw, (max-width: 1000px) 54vw, (max-width: 1071px) 543px, 580px\" \/><img loading=\"lazy\" decoding=\"async\" class=\"size-full wp-image-654\" src=\"https:\/\/saschafluechter.de\/reisetagebuch\/wp-content\/uploads\/2019\/08\/img_5336.jpg\" width=\"600\" height=\"800\" srcset=\"https:\/\/saschafluechter.de\/reisetagebuch\/wp-content\/uploads\/2019\/08\/img_5336.jpg 600w, https:\/\/saschafluechter.de\/reisetagebuch\/wp-content\/uploads\/2019\/08\/img_5336-225x300.jpg 225w\" sizes=\"auto, (max-width: 600px) 100vw, 600px\" \/><\/p>\n<p><a href=\"https:\/\/www.heiligenlexikon.de\/BiographienN\/Notburg_von_Rattenberg.htm\">Notburga von Rattenberg<\/a> ist die meist verehrte heilige Tirols. Sie lebte der Legende nach im 13. Jahrhundert und hat sich als h\u00f6fische Dienstmagd auf der Rottenburg f\u00fcr die Speisung der Armen und eine Unterbrechung der Arbeit f\u00fcr das Gebet eingesetzt. Der Besinnungsweg l\u00e4dt an verschiedenen Stationen dazu ein, &#8222;Mut zum Dienen&#8220; zu entwickeln. Ich bin diesen Weg nicht gegangen, habe aber das Heft intensiv gelesen. Mit <a href=\"https:\/\/saschafluechter.de\/geistliches-experiment\/\">TE DEUM \u2013 Beten und Handeln<\/a> sind wir nahe dran an Notburgas Anliegen. Deshalb bin ich neugierig, was Notburga angeht. Das Museum ist leider schon geschlossen, aber vom Balkon meiner Unterkunft ist die Kirche zu sehen, die zu ihren Ehren errichtet worden ist. Auf dem Weg dorthin kommt man auch an dem Haus vorbei, in dem sie als Dienstmagd gearbeitet hat, nachdem sie von der Rottenburg verbannt worden war. Ich hatte schon gelesen, dass die Gebeine der Heiligen, die 1313 gestorben ist, 1718 exhumiert wurden und seit 1738 in einem Glasschrein im Hochaltar ausgestellt sind. Da ich eh einen Ort f\u00fcr das Abendgebet suche, gehe ich in die Kirche, um mir das anzuschauen. Dass das Skelett ein Kleid tr\u00e4gt und dich der Totensch\u00e4del in der Kirchenbank anschaut, ist schon mehr als befremdlich. Ein guter Grund evangelisch zu sein.<\/p>\n<p><img loading=\"lazy\" decoding=\"async\" class=\"size-full wp-image-657\" src=\"https:\/\/saschafluechter.de\/reisetagebuch\/wp-content\/uploads\/2019\/08\/img_5326.jpg\" width=\"800\" height=\"600\" srcset=\"https:\/\/saschafluechter.de\/reisetagebuch\/wp-content\/uploads\/2019\/08\/img_5326.jpg 800w, https:\/\/saschafluechter.de\/reisetagebuch\/wp-content\/uploads\/2019\/08\/img_5326-300x225.jpg 300w, https:\/\/saschafluechter.de\/reisetagebuch\/wp-content\/uploads\/2019\/08\/img_5326-768x576.jpg 768w\" sizes=\"auto, (max-width: 767px) 89vw, (max-width: 1000px) 54vw, (max-width: 1071px) 543px, 580px\" \/><\/p>\n<p><img loading=\"lazy\" decoding=\"async\" class=\"size-full wp-image-655\" src=\"https:\/\/saschafluechter.de\/reisetagebuch\/wp-content\/uploads\/2019\/08\/img_5330.jpg\" width=\"600\" height=\"800\" srcset=\"https:\/\/saschafluechter.de\/reisetagebuch\/wp-content\/uploads\/2019\/08\/img_5330.jpg 600w, https:\/\/saschafluechter.de\/reisetagebuch\/wp-content\/uploads\/2019\/08\/img_5330-225x300.jpg 225w\" sizes=\"auto, (max-width: 600px) 100vw, 600px\" \/><img loading=\"lazy\" decoding=\"async\" class=\"size-full wp-image-656\" src=\"https:\/\/saschafluechter.de\/reisetagebuch\/wp-content\/uploads\/2019\/08\/img_5331.jpg\" width=\"600\" height=\"800\" srcset=\"https:\/\/saschafluechter.de\/reisetagebuch\/wp-content\/uploads\/2019\/08\/img_5331.jpg 600w, https:\/\/saschafluechter.de\/reisetagebuch\/wp-content\/uploads\/2019\/08\/img_5331-225x300.jpg 225w\" sizes=\"auto, (max-width: 600px) 100vw, 600px\" \/><\/p>\n<p>Der Weg vom Achensee zum <a href=\"https:\/\/www.achensee.com\/unterkunft\/landhaus-mayr-maurach\/\">Landhaus Mayr<\/a> f\u00fchrt \u00fcber einen asphaltierten Radweg. Bei 28\u00b0 im Schatten f\u00fchle ich mich ein wenig an den Jakobsweg im letzten Jahr erinnert. Dass direkt neben dem Radweg die Schienen der Achensee-Dampf-Zahnradbahn verlaufen, die man mit dem Achensee-Ticket, das ich vom Hotel bekommen habe, wahrscheinlich sogar kostenlos benutzen kann, ist da schon eine Versuchung. Aber ich bin ja zum Laufen hier und nicht zum Zugfahren.<\/p>\n<p><img loading=\"lazy\" decoding=\"async\" class=\"size-full wp-image-659\" src=\"https:\/\/saschafluechter.de\/reisetagebuch\/wp-content\/uploads\/2019\/08\/img_5317.jpg\" width=\"800\" height=\"600\" srcset=\"https:\/\/saschafluechter.de\/reisetagebuch\/wp-content\/uploads\/2019\/08\/img_5317.jpg 800w, https:\/\/saschafluechter.de\/reisetagebuch\/wp-content\/uploads\/2019\/08\/img_5317-300x225.jpg 300w, https:\/\/saschafluechter.de\/reisetagebuch\/wp-content\/uploads\/2019\/08\/img_5317-768x576.jpg 768w\" sizes=\"auto, (max-width: 767px) 89vw, (max-width: 1000px) 54vw, (max-width: 1071px) 543px, 580px\" \/><img loading=\"lazy\" decoding=\"async\" class=\"size-full wp-image-660\" src=\"https:\/\/saschafluechter.de\/reisetagebuch\/wp-content\/uploads\/2019\/08\/img_5319.jpg\" width=\"600\" height=\"800\" srcset=\"https:\/\/saschafluechter.de\/reisetagebuch\/wp-content\/uploads\/2019\/08\/img_5319.jpg 600w, https:\/\/saschafluechter.de\/reisetagebuch\/wp-content\/uploads\/2019\/08\/img_5319-225x300.jpg 225w\" sizes=\"auto, (max-width: 600px) 100vw, 600px\" \/><img loading=\"lazy\" decoding=\"async\" class=\"size-full wp-image-661\" src=\"https:\/\/saschafluechter.de\/reisetagebuch\/wp-content\/uploads\/2019\/08\/img_5325.jpg\" width=\"800\" height=\"600\" srcset=\"https:\/\/saschafluechter.de\/reisetagebuch\/wp-content\/uploads\/2019\/08\/img_5325.jpg 800w, https:\/\/saschafluechter.de\/reisetagebuch\/wp-content\/uploads\/2019\/08\/img_5325-300x225.jpg 300w, https:\/\/saschafluechter.de\/reisetagebuch\/wp-content\/uploads\/2019\/08\/img_5325-768x576.jpg 768w\" sizes=\"auto, (max-width: 767px) 89vw, (max-width: 1000px) 54vw, (max-width: 1071px) 543px, 580px\" \/><\/p>\n<p>Den Abend habe ich im Wirtshaus \u201eKirchenwirt\u201c verbracht, auf der Terrasse gegessen und auf die Kirche geschaut. Ein toller Tag geht zu Ende.<\/p>\n<p><img loading=\"lazy\" decoding=\"async\" class=\"size-full wp-image-658\" src=\"https:\/\/saschafluechter.de\/reisetagebuch\/wp-content\/uploads\/2019\/08\/img_5335.jpg\" width=\"800\" height=\"600\" srcset=\"https:\/\/saschafluechter.de\/reisetagebuch\/wp-content\/uploads\/2019\/08\/img_5335.jpg 800w, https:\/\/saschafluechter.de\/reisetagebuch\/wp-content\/uploads\/2019\/08\/img_5335-300x225.jpg 300w, https:\/\/saschafluechter.de\/reisetagebuch\/wp-content\/uploads\/2019\/08\/img_5335-768x576.jpg 768w\" sizes=\"auto, (max-width: 767px) 89vw, (max-width: 1000px) 54vw, (max-width: 1071px) 543px, 580px\" \/><\/p>\n","protected":false},"excerpt":{"rendered":"<p>Die gr\u00f6\u00dfte Sehensw\u00fcrdigkeit am Achensee ist der See selbst. Tirols gr\u00f6\u00dfter See liegt auf einer H\u00f6he von rund 930 Metern, ist 10 km lang und bis zu 133 Meter tief. Wie ein Fjord bettet er sich in das Rofangebirge im Osten und das Karwendelgebirge im Westen. (Die Alpen\u00fcberquerung. Kompass Wandertouren Karte 2556, Innsbruck 2019) Dem &hellip; <\/p>\n<p class=\"link-more\"><a href=\"https:\/\/saschafluechter.de\/reisetagebuch\/2019\/08\/09\/von-achenkirch-nach-eben-165-km-536-hoehenmeter\/\" class=\"more-link\"><span class=\"screen-reader-text\">\u201eVon Achenkirch nach Eben (16,5 km, 536 H\u00f6henmeter)\u201c<\/span> weiterlesen<\/a><\/p>\n","protected":false},"author":2,"featured_media":642,"comment_status":"open","ping_status":"open","sticky":false,"template":"","format":"standard","meta":{"jetpack_post_was_ever_published":false,"_jetpack_newsletter_access":"","_jetpack_dont_email_post_to_subs":false,"_jetpack_newsletter_tier_id":0,"_jetpack_memberships_contains_paywalled_content":false,"_jetpack_memberships_contains_paid_content":false,"footnotes":"","jetpack_publicize_message":"","jetpack_publicize_feature_enabled":true,"jetpack_social_post_already_shared":true,"jetpack_social_options":{"image_generator_settings":{"template":"highway","enabled":false},"version":2}},"categories":[1],"tags":[],"class_list":["post-663","post","type-post","status-publish","format-standard","has-post-thumbnail","hentry","category-ueber-die-alpen"],"jetpack_publicize_connections":[],"jetpack_featured_media_url":"https:\/\/saschafluechter.de\/reisetagebuch\/wp-content\/uploads\/2019\/08\/img_5272.jpg","jetpack_sharing_enabled":true,"jetpack_shortlink":"https:\/\/wp.me\/pabUI4-aH","_links":{"self":[{"href":"https:\/\/saschafluechter.de\/reisetagebuch\/wp-json\/wp\/v2\/posts\/663","targetHints":{"allow":["GET"]}}],"collection":[{"href":"https:\/\/saschafluechter.de\/reisetagebuch\/wp-json\/wp\/v2\/posts"}],"about":[{"href":"https:\/\/saschafluechter.de\/reisetagebuch\/wp-json\/wp\/v2\/types\/post"}],"author":[{"embeddable":true,"href":"https:\/\/saschafluechter.de\/reisetagebuch\/wp-json\/wp\/v2\/users\/2"}],"replies":[{"embeddable":true,"href":"https:\/\/saschafluechter.de\/reisetagebuch\/wp-json\/wp\/v2\/comments?post=663"}],"version-history":[{"count":5,"href":"https:\/\/saschafluechter.de\/reisetagebuch\/wp-json\/wp\/v2\/posts\/663\/revisions"}],"predecessor-version":[{"id":1060,"href":"https:\/\/saschafluechter.de\/reisetagebuch\/wp-json\/wp\/v2\/posts\/663\/revisions\/1060"}],"wp:featuredmedia":[{"embeddable":true,"href":"https:\/\/saschafluechter.de\/reisetagebuch\/wp-json\/wp\/v2\/media\/642"}],"wp:attachment":[{"href":"https:\/\/saschafluechter.de\/reisetagebuch\/wp-json\/wp\/v2\/media?parent=663"}],"wp:term":[{"taxonomy":"category","embeddable":true,"href":"https:\/\/saschafluechter.de\/reisetagebuch\/wp-json\/wp\/v2\/categories?post=663"},{"taxonomy":"post_tag","embeddable":true,"href":"https:\/\/saschafluechter.de\/reisetagebuch\/wp-json\/wp\/v2\/tags?post=663"}],"curies":[{"name":"wp","href":"https:\/\/api.w.org\/{rel}","templated":true}]}}