{"id":665,"date":"2019-08-10T20:53:28","date_gmt":"2019-08-10T18:53:28","guid":{"rendered":"https:\/\/saschafluechter.de\/reisetagebuch\/?p=665"},"modified":"2019-12-31T16:07:53","modified_gmt":"2019-12-31T15:07:53","slug":"von-eben-am-achensee-nach-fuegen-196-km-2062-hoehenmeter","status":"publish","type":"post","link":"https:\/\/saschafluechter.de\/reisetagebuch\/2019\/08\/10\/von-eben-am-achensee-nach-fuegen-196-km-2062-hoehenmeter\/","title":{"rendered":"Von Eben am Achensee nach F\u00fcgen (19,6 km, 2062 H\u00f6henmeter)"},"content":{"rendered":"<p>&#8222;Sportlicher Aufstieg&#8220; &#8211; Noch so ein Euphemismus. Ich w\u00fcrde es eher einen \u201eH\u00f6llenritt\u201c nennen. Immerhin habe ich dabei ein neues physikalisches Ph\u00e4nomen entdeckt.<!--more--> Kurz zur Erinnerung f\u00fcr alle, die wie ich in der Oberstufe Physik-Leistungskurs hatten:<\/p>\n<blockquote><p>Die Lorentzkontraktion (\u2026) ist ein Ph\u00e4nomen der speziellen Relativit\u00e4tstheorie. Sie besagt, dass ein bewegter Beobachter eine k\u00fcrzere Distanz zwischen zwei Punkten im Raum misst als ein ruhender.<\/p><\/blockquote>\n<blockquote><p>(Wikipedia &#8222;Lorentzkontraktion&#8220;)<\/p><\/blockquote>\n<p>Nun zu meiner Entdeckung:<\/p>\n<blockquote><p>Die Fl\u00fcchterexpansion ist ein Ph\u00e4nomen der ganz speziellen Relativit\u00e4tstheorie. Sie besagt, dass ein den Berg hinaufsteigender Beobachter eine l\u00e4ngere Distanz zwischen zwei Punkten im Raum misst als ein in der Ebene befindlicher Beobachter. Das zeigt sich insbesondere daran, dass nach jeder Biegung und nach jedem Sattelpunkt, hinter dem in der Ebene der h\u00f6chste Punkt erreicht w\u00e4re, ein weiterer Anstieg folgt.<\/p><\/blockquote>\n<blockquote><p>(Wikipedia-Eintrag steht noch aus)<\/p><\/blockquote>\n<p><img loading=\"lazy\" decoding=\"async\" class=\"size-full wp-image-678\" src=\"https:\/\/saschafluechter.de\/reisetagebuch\/wp-content\/uploads\/2019\/08\/img_5360-1.jpg\" width=\"600\" height=\"800\" srcset=\"https:\/\/saschafluechter.de\/reisetagebuch\/wp-content\/uploads\/2019\/08\/img_5360-1.jpg 600w, https:\/\/saschafluechter.de\/reisetagebuch\/wp-content\/uploads\/2019\/08\/img_5360-1-225x300.jpg 225w\" sizes=\"auto, (max-width: 600px) 100vw, 600px\" \/><img loading=\"lazy\" decoding=\"async\" class=\"size-full wp-image-679\" src=\"https:\/\/saschafluechter.de\/reisetagebuch\/wp-content\/uploads\/2019\/08\/img_5362.jpg\" width=\"600\" height=\"800\" srcset=\"https:\/\/saschafluechter.de\/reisetagebuch\/wp-content\/uploads\/2019\/08\/img_5362.jpg 600w, https:\/\/saschafluechter.de\/reisetagebuch\/wp-content\/uploads\/2019\/08\/img_5362-225x300.jpg 225w\" sizes=\"auto, (max-width: 600px) 100vw, 600px\" \/><img loading=\"lazy\" decoding=\"async\" class=\"size-full wp-image-680\" src=\"https:\/\/saschafluechter.de\/reisetagebuch\/wp-content\/uploads\/2019\/08\/img_5366.jpg\" width=\"600\" height=\"800\" srcset=\"https:\/\/saschafluechter.de\/reisetagebuch\/wp-content\/uploads\/2019\/08\/img_5366.jpg 600w, https:\/\/saschafluechter.de\/reisetagebuch\/wp-content\/uploads\/2019\/08\/img_5366-225x300.jpg 225w\" sizes=\"auto, (max-width: 600px) 100vw, 600px\" \/><img loading=\"lazy\" decoding=\"async\" class=\"size-full wp-image-676\" src=\"https:\/\/saschafluechter.de\/reisetagebuch\/wp-content\/uploads\/2019\/08\/img_5365.jpg\" width=\"800\" height=\"600\" srcset=\"https:\/\/saschafluechter.de\/reisetagebuch\/wp-content\/uploads\/2019\/08\/img_5365.jpg 800w, https:\/\/saschafluechter.de\/reisetagebuch\/wp-content\/uploads\/2019\/08\/img_5365-300x225.jpg 300w, https:\/\/saschafluechter.de\/reisetagebuch\/wp-content\/uploads\/2019\/08\/img_5365-768x576.jpg 768w\" sizes=\"auto, (max-width: 767px) 89vw, (max-width: 1000px) 54vw, (max-width: 1071px) 543px, 580px\" \/><img loading=\"lazy\" decoding=\"async\" class=\"size-full wp-image-677\" src=\"https:\/\/saschafluechter.de\/reisetagebuch\/wp-content\/uploads\/2019\/08\/img_5372.jpg\" width=\"600\" height=\"800\" srcset=\"https:\/\/saschafluechter.de\/reisetagebuch\/wp-content\/uploads\/2019\/08\/img_5372.jpg 600w, https:\/\/saschafluechter.de\/reisetagebuch\/wp-content\/uploads\/2019\/08\/img_5372-225x300.jpg 225w\" sizes=\"auto, (max-width: 600px) 100vw, 600px\" \/><img loading=\"lazy\" decoding=\"async\" class=\"size-full wp-image-682\" src=\"https:\/\/saschafluechter.de\/reisetagebuch\/wp-content\/uploads\/2019\/08\/img_5379.jpg\" width=\"600\" height=\"800\" srcset=\"https:\/\/saschafluechter.de\/reisetagebuch\/wp-content\/uploads\/2019\/08\/img_5379.jpg 600w, https:\/\/saschafluechter.de\/reisetagebuch\/wp-content\/uploads\/2019\/08\/img_5379-225x300.jpg 225w\" sizes=\"auto, (max-width: 600px) 100vw, 600px\" \/><img loading=\"lazy\" decoding=\"async\" class=\"size-full wp-image-681\" src=\"https:\/\/saschafluechter.de\/reisetagebuch\/wp-content\/uploads\/2019\/08\/img_5381.jpg\" width=\"600\" height=\"800\" srcset=\"https:\/\/saschafluechter.de\/reisetagebuch\/wp-content\/uploads\/2019\/08\/img_5381.jpg 600w, https:\/\/saschafluechter.de\/reisetagebuch\/wp-content\/uploads\/2019\/08\/img_5381-225x300.jpg 225w\" sizes=\"auto, (max-width: 600px) 100vw, 600px\" \/><img loading=\"lazy\" decoding=\"async\" class=\"size-full wp-image-683\" src=\"https:\/\/saschafluechter.de\/reisetagebuch\/wp-content\/uploads\/2019\/08\/img_5396.jpg\" width=\"600\" height=\"800\" srcset=\"https:\/\/saschafluechter.de\/reisetagebuch\/wp-content\/uploads\/2019\/08\/img_5396.jpg 600w, https:\/\/saschafluechter.de\/reisetagebuch\/wp-content\/uploads\/2019\/08\/img_5396-225x300.jpg 225w\" sizes=\"auto, (max-width: 600px) 100vw, 600px\" \/><\/p>\n<p>Das war ein echtes St\u00fcck Arbeit heute und sehr schwei\u00dftreibend. Ich habe mich in diesem Zusammenhang auch daran erinnert, dass ich beim Aufstieg auf die Blaubergalm festgestellt hatte, dass ich mehr als einen Liter Wasser brauche, wenn zwischendurch nichts aufgef\u00fcllt werden kann. Heute hatte ich dann aber wieder nur einen Liter Wasser dabei. Netterweise konnte ich an dem Hof, dessen Wiese ich zu queren hatte, um dem beschriebenen Weg zu folgen, meine Trinkflasche auff\u00fcllen. Im Wanderf\u00fchrer stehen dann n\u00e4mlich so Sachen wie:<\/p>\n<blockquote><p>Der Weg f\u00fchrt \u00fcber das Privatgrundst\u00fcck am Weidezaun links hinter der Kapelle entlang. Sie m\u00fcssen die Wiese queren, laufen unter dem Apfelbaum durch und passieren das Grundst\u00fcckstor.<\/p><\/blockquote>\n<blockquote><p>(Ulrike Gaube: Tegernsee &#8211; Sterzing \u00fcber die Alpen in 8 Etappen, Welfer 2019, S. 74)<\/p><\/blockquote>\n<p><img decoding=\"async\" class=\"size-full\" src=\"https:\/\/saschafluechter.de\/reisetagebuch\/wp-content\/uploads\/2019\/08\/img_5371-1.jpg\" \/><img decoding=\"async\" class=\"size-full\" src=\"https:\/\/saschafluechter.de\/reisetagebuch\/wp-content\/uploads\/2019\/08\/img_5369-1.jpg\" \/><\/p>\n<p>Klar, ich steige \u00fcber die Weidebegrenzung und laufe \u00fcber die Terasse zum Tor hinaus und der Hund ist mir direkt auf den Fersen. Aber auch das ist ja ein Lernfeld. Dass Wege nicht immer aussehen wie Wege und man sie trotzdem gehen kann und darauf sogar ans Ziel kommt, habe ich heute gelernt.<\/p>\n<p><img loading=\"lazy\" decoding=\"async\" class=\"size-full wp-image-686\" src=\"https:\/\/saschafluechter.de\/reisetagebuch\/wp-content\/uploads\/2019\/08\/img_5406.jpg\" width=\"600\" height=\"800\" srcset=\"https:\/\/saschafluechter.de\/reisetagebuch\/wp-content\/uploads\/2019\/08\/img_5406.jpg 600w, https:\/\/saschafluechter.de\/reisetagebuch\/wp-content\/uploads\/2019\/08\/img_5406-225x300.jpg 225w\" sizes=\"auto, (max-width: 600px) 100vw, 600px\" \/><\/p>\n<p>Ich musste heute auch schlicht auf die Wegbeschreibung im Wanderf\u00fchrer vertrauen, was angesichts meines nicht vorhandenen Orientierungssinns eine ziemliche Herausforderung ist. Denn zum einen ist diese Etappe nicht markiert , da die Pauschal-Alpen\u00fcberquerer sie ja gleich ganz auslassen. Zum anderen sind auch viele andere &#8211; wie das P\u00e4rchen, das ich heute beim Fr\u00fchst\u00fcck kennen gelernt habe &#8211; teilweise mit Bus und Bahn unterwegs. Ich habe dann heute auch tats\u00e4chlich so gut wie keinen anderen Wanderer getroffen. Das hatte auch einen besonderen Reiz.<\/p>\n<p><img decoding=\"async\" class=\"size-full\" src=\"https:\/\/saschafluechter.de\/reisetagebuch\/wp-content\/uploads\/2019\/08\/img_5337.jpg\" \/><img decoding=\"async\" class=\"size-full\" src=\"https:\/\/saschafluechter.de\/reisetagebuch\/wp-content\/uploads\/2019\/08\/img_5339.jpg\" \/><img decoding=\"async\" class=\"size-full\" src=\"https:\/\/saschafluechter.de\/reisetagebuch\/wp-content\/uploads\/2019\/08\/img_5340.jpg\" \/><\/p>\n<p><img loading=\"lazy\" decoding=\"async\" class=\"size-full wp-image-691\" src=\"https:\/\/saschafluechter.de\/reisetagebuch\/wp-content\/uploads\/2019\/08\/img_5388.jpg\" width=\"800\" height=\"600\" srcset=\"https:\/\/saschafluechter.de\/reisetagebuch\/wp-content\/uploads\/2019\/08\/img_5388.jpg 800w, https:\/\/saschafluechter.de\/reisetagebuch\/wp-content\/uploads\/2019\/08\/img_5388-300x225.jpg 300w, https:\/\/saschafluechter.de\/reisetagebuch\/wp-content\/uploads\/2019\/08\/img_5388-768x576.jpg 768w\" sizes=\"auto, (max-width: 767px) 89vw, (max-width: 1000px) 54vw, (max-width: 1071px) 543px, 580px\" \/><img loading=\"lazy\" decoding=\"async\" class=\"size-full wp-image-692\" src=\"https:\/\/saschafluechter.de\/reisetagebuch\/wp-content\/uploads\/2019\/08\/img_5410.jpg\" width=\"600\" height=\"800\" srcset=\"https:\/\/saschafluechter.de\/reisetagebuch\/wp-content\/uploads\/2019\/08\/img_5410.jpg 600w, https:\/\/saschafluechter.de\/reisetagebuch\/wp-content\/uploads\/2019\/08\/img_5410-225x300.jpg 225w\" sizes=\"auto, (max-width: 600px) 100vw, 600px\" \/><img loading=\"lazy\" decoding=\"async\" class=\"size-full wp-image-693\" src=\"https:\/\/saschafluechter.de\/reisetagebuch\/wp-content\/uploads\/2019\/08\/img_5409.jpg\" width=\"600\" height=\"800\" srcset=\"https:\/\/saschafluechter.de\/reisetagebuch\/wp-content\/uploads\/2019\/08\/img_5409.jpg 600w, https:\/\/saschafluechter.de\/reisetagebuch\/wp-content\/uploads\/2019\/08\/img_5409-225x300.jpg 225w\" sizes=\"auto, (max-width: 600px) 100vw, 600px\" \/><\/p>\n<p>Mein Weg f\u00fchrte von der Kirche St. Notburga erst mal lange den Berg hinab. Erst, als ich am Inn war, ging es wieder hinauf.<\/p>\n<p><img decoding=\"async\" class=\"size-full\" src=\"https:\/\/saschafluechter.de\/reisetagebuch\/wp-content\/uploads\/2019\/08\/img_5341.jpg\" \/><img decoding=\"async\" class=\"size-full\" src=\"https:\/\/saschafluechter.de\/reisetagebuch\/wp-content\/uploads\/2019\/08\/img_5343.jpg\" \/><img decoding=\"async\" class=\"size-full\" src=\"https:\/\/saschafluechter.de\/reisetagebuch\/wp-content\/uploads\/2019\/08\/img_5352.jpg\" \/><img decoding=\"async\" class=\"size-full\" src=\"https:\/\/saschafluechter.de\/reisetagebuch\/wp-content\/uploads\/2019\/08\/img_5359.jpg\" \/><\/p>\n<p>W\u00e4hrend des Aufstiegs zum Strofenmarterl gab es sogar eine Stelle, von der aus man nach Eben zur\u00fcckschauen und den Kirchturm sehen konnte. Kaum zu glauben, dass ich das alles gelaufen bin.<\/p>\n<p><img loading=\"lazy\" decoding=\"async\" class=\"size-full wp-image-687\" src=\"https:\/\/saschafluechter.de\/reisetagebuch\/wp-content\/uploads\/2019\/08\/img_5372-1.jpg\" width=\"600\" height=\"800\" srcset=\"https:\/\/saschafluechter.de\/reisetagebuch\/wp-content\/uploads\/2019\/08\/img_5372-1.jpg 600w, https:\/\/saschafluechter.de\/reisetagebuch\/wp-content\/uploads\/2019\/08\/img_5372-1-225x300.jpg 225w\" sizes=\"auto, (max-width: 600px) 100vw, 600px\" \/><img loading=\"lazy\" decoding=\"async\" class=\"size-full wp-image-688\" src=\"https:\/\/saschafluechter.de\/reisetagebuch\/wp-content\/uploads\/2019\/08\/img_5375.jpg\" width=\"800\" height=\"600\" srcset=\"https:\/\/saschafluechter.de\/reisetagebuch\/wp-content\/uploads\/2019\/08\/img_5375.jpg 800w, https:\/\/saschafluechter.de\/reisetagebuch\/wp-content\/uploads\/2019\/08\/img_5375-300x225.jpg 300w, https:\/\/saschafluechter.de\/reisetagebuch\/wp-content\/uploads\/2019\/08\/img_5375-768x576.jpg 768w\" sizes=\"auto, (max-width: 767px) 89vw, (max-width: 1000px) 54vw, (max-width: 1071px) 543px, 580px\" \/><\/p>\n<p>Oben angekommen, habe ich eine Weile Pause gemacht und den Soundtrack geh\u00f6rt, den mein Bruder Jens mir f\u00fcr diesen Weg zusammengestellt hat. Sehr sch\u00f6ne Titel mit zum Teil nachdenklich stimmenden Texten.<\/p>\n<p><img loading=\"lazy\" decoding=\"async\" class=\"size-full wp-image-689\" src=\"https:\/\/saschafluechter.de\/reisetagebuch\/wp-content\/uploads\/2019\/08\/img_5376.jpg\" width=\"600\" height=\"800\" srcset=\"https:\/\/saschafluechter.de\/reisetagebuch\/wp-content\/uploads\/2019\/08\/img_5376.jpg 600w, https:\/\/saschafluechter.de\/reisetagebuch\/wp-content\/uploads\/2019\/08\/img_5376-225x300.jpg 225w\" sizes=\"auto, (max-width: 600px) 100vw, 600px\" \/><img loading=\"lazy\" decoding=\"async\" class=\"size-full wp-image-690\" src=\"https:\/\/saschafluechter.de\/reisetagebuch\/wp-content\/uploads\/2019\/08\/img_5377.jpg\" width=\"800\" height=\"600\" srcset=\"https:\/\/saschafluechter.de\/reisetagebuch\/wp-content\/uploads\/2019\/08\/img_5377.jpg 800w, https:\/\/saschafluechter.de\/reisetagebuch\/wp-content\/uploads\/2019\/08\/img_5377-300x225.jpg 300w, https:\/\/saschafluechter.de\/reisetagebuch\/wp-content\/uploads\/2019\/08\/img_5377-768x576.jpg 768w\" sizes=\"auto, (max-width: 767px) 89vw, (max-width: 1000px) 54vw, (max-width: 1071px) 543px, 580px\" \/><\/p>\n<p>Ich habe zum Beispiel noch mal dar\u00fcber nachgedacht, warum ich das hier eigentlich mache. Fakt ist, dass wir f\u00fcr solche, wirklich anstrengenden Wanderungen in der Familie eine viel zu kleine Schnittmenge der Interessen haben. Wenn wir f\u00fcr unseren Familienurlaub das machen, wo alle Lust zu haben, ist das in meinen Augen besser, als wenn wir anfangen, immer neue Kompromisse zu schlie\u00dfen. Damit das andere nicht zu kurz kommt, braucht es f\u00fcr mich aber solche Aktionen wie diese hier. Gl\u00fccklicherweise gibt es durch die Ferien genug Zeit, um all das nebeneinander zu realisieren. Vor allem geht das aber dank meiner Familie, vor allem dank Alex, die meine Ideen mittr\u00e4gt und manchmal auch schlicht ertr\u00e4gt.<\/p>\n<p><img loading=\"lazy\" decoding=\"async\" class=\"size-full wp-image-694\" src=\"https:\/\/saschafluechter.de\/reisetagebuch\/wp-content\/uploads\/2019\/08\/img_5346.jpg\" width=\"600\" height=\"800\" srcset=\"https:\/\/saschafluechter.de\/reisetagebuch\/wp-content\/uploads\/2019\/08\/img_5346.jpg 600w, https:\/\/saschafluechter.de\/reisetagebuch\/wp-content\/uploads\/2019\/08\/img_5346-225x300.jpg 225w\" sizes=\"auto, (max-width: 600px) 100vw, 600px\" \/><\/p>\n<p>Jetzt aber genug der Reflektionen. Ich h\u00e4tte noch ein paar Fotos aus der Kategorie \u201eSkurriles\u201c anzubieten. Da w\u00e4re zun\u00e4chst der Apfel im Wald. Entweder er geh\u00f6rt zu Wilhelm Tell oder zum M\u00e4rchen von Schneewittchen. In beiden F\u00e4llen gilt wohl: Finger weg!<\/p>\n<p><img loading=\"lazy\" decoding=\"async\" class=\"size-full wp-image-695\" src=\"https:\/\/saschafluechter.de\/reisetagebuch\/wp-content\/uploads\/2019\/08\/img_5086.jpg\" width=\"600\" height=\"800\" srcset=\"https:\/\/saschafluechter.de\/reisetagebuch\/wp-content\/uploads\/2019\/08\/img_5086.jpg 600w, https:\/\/saschafluechter.de\/reisetagebuch\/wp-content\/uploads\/2019\/08\/img_5086-225x300.jpg 225w\" sizes=\"auto, (max-width: 600px) 100vw, 600px\" \/><\/p>\n<p>Das zweite Foto dokumentiert wohl die Auswirkungen des Klimawandels. Heute, am 10. August 2019 aufgenommen.<\/p>\n<p><img loading=\"lazy\" decoding=\"async\" class=\"size-full wp-image-697\" src=\"https:\/\/saschafluechter.de\/reisetagebuch\/wp-content\/uploads\/2019\/08\/img_5373.jpg\" width=\"800\" height=\"600\" srcset=\"https:\/\/saschafluechter.de\/reisetagebuch\/wp-content\/uploads\/2019\/08\/img_5373.jpg 800w, https:\/\/saschafluechter.de\/reisetagebuch\/wp-content\/uploads\/2019\/08\/img_5373-300x225.jpg 300w, https:\/\/saschafluechter.de\/reisetagebuch\/wp-content\/uploads\/2019\/08\/img_5373-768x576.jpg 768w\" sizes=\"auto, (max-width: 767px) 89vw, (max-width: 1000px) 54vw, (max-width: 1071px) 543px, 580px\" \/><\/p>\n<p>Zum Schluss ein paar Impressionen aus meinem Zimmer im <a href=\"https:\/\/edelweisshotel.at\">Hotel Edelweiss<\/a> f\u00fcr heute Nacht. Stilistisch ist es sehr breit aufgestellt.<\/p>\n<p><img loading=\"lazy\" decoding=\"async\" class=\"size-full wp-image-698\" src=\"https:\/\/saschafluechter.de\/reisetagebuch\/wp-content\/uploads\/2019\/08\/img_5414.jpg\" width=\"800\" height=\"600\" srcset=\"https:\/\/saschafluechter.de\/reisetagebuch\/wp-content\/uploads\/2019\/08\/img_5414.jpg 800w, https:\/\/saschafluechter.de\/reisetagebuch\/wp-content\/uploads\/2019\/08\/img_5414-300x225.jpg 300w, https:\/\/saschafluechter.de\/reisetagebuch\/wp-content\/uploads\/2019\/08\/img_5414-768x576.jpg 768w\" sizes=\"auto, (max-width: 767px) 89vw, (max-width: 1000px) 54vw, (max-width: 1071px) 543px, 580px\" \/><img loading=\"lazy\" decoding=\"async\" class=\"size-full wp-image-699\" src=\"https:\/\/saschafluechter.de\/reisetagebuch\/wp-content\/uploads\/2019\/08\/img_5415.jpg\" width=\"800\" height=\"600\" srcset=\"https:\/\/saschafluechter.de\/reisetagebuch\/wp-content\/uploads\/2019\/08\/img_5415.jpg 800w, https:\/\/saschafluechter.de\/reisetagebuch\/wp-content\/uploads\/2019\/08\/img_5415-300x225.jpg 300w, https:\/\/saschafluechter.de\/reisetagebuch\/wp-content\/uploads\/2019\/08\/img_5415-768x576.jpg 768w\" sizes=\"auto, (max-width: 767px) 89vw, (max-width: 1000px) 54vw, (max-width: 1071px) 543px, 580px\" \/><\/p>\n<p><img loading=\"lazy\" decoding=\"async\" class=\"size-full wp-image-707\" src=\"https:\/\/saschafluechter.de\/reisetagebuch\/wp-content\/uploads\/2019\/08\/img_5418-2.jpg\" width=\"800\" height=\"600\" srcset=\"https:\/\/saschafluechter.de\/reisetagebuch\/wp-content\/uploads\/2019\/08\/img_5418-2.jpg 800w, https:\/\/saschafluechter.de\/reisetagebuch\/wp-content\/uploads\/2019\/08\/img_5418-2-300x225.jpg 300w, https:\/\/saschafluechter.de\/reisetagebuch\/wp-content\/uploads\/2019\/08\/img_5418-2-768x576.jpg 768w\" sizes=\"auto, (max-width: 767px) 89vw, (max-width: 1000px) 54vw, (max-width: 1071px) 543px, 580px\" \/><\/p>\n<p><img loading=\"lazy\" decoding=\"async\" class=\"size-full wp-image-702\" src=\"https:\/\/saschafluechter.de\/reisetagebuch\/wp-content\/uploads\/2019\/08\/img_5417.jpg\" width=\"800\" height=\"600\" srcset=\"https:\/\/saschafluechter.de\/reisetagebuch\/wp-content\/uploads\/2019\/08\/img_5417.jpg 800w, https:\/\/saschafluechter.de\/reisetagebuch\/wp-content\/uploads\/2019\/08\/img_5417-300x225.jpg 300w, https:\/\/saschafluechter.de\/reisetagebuch\/wp-content\/uploads\/2019\/08\/img_5417-768x576.jpg 768w\" sizes=\"auto, (max-width: 767px) 89vw, (max-width: 1000px) 54vw, (max-width: 1071px) 543px, 580px\" \/><\/p>\n<p><img loading=\"lazy\" decoding=\"async\" class=\"size-full wp-image-703\" src=\"https:\/\/saschafluechter.de\/reisetagebuch\/wp-content\/uploads\/2019\/08\/img_5421.jpg\" width=\"600\" height=\"800\" srcset=\"https:\/\/saschafluechter.de\/reisetagebuch\/wp-content\/uploads\/2019\/08\/img_5421.jpg 600w, https:\/\/saschafluechter.de\/reisetagebuch\/wp-content\/uploads\/2019\/08\/img_5421-225x300.jpg 225w\" sizes=\"auto, (max-width: 600px) 100vw, 600px\" \/><\/p>\n<p>Gute Nacht!<\/p>\n","protected":false},"excerpt":{"rendered":"<p>&#8222;Sportlicher Aufstieg&#8220; &#8211; Noch so ein Euphemismus. Ich w\u00fcrde es eher einen \u201eH\u00f6llenritt\u201c nennen. Immerhin habe ich dabei ein neues physikalisches Ph\u00e4nomen entdeckt.<\/p>\n","protected":false},"author":2,"featured_media":676,"comment_status":"open","ping_status":"open","sticky":false,"template":"","format":"standard","meta":{"jetpack_post_was_ever_published":false,"_jetpack_newsletter_access":"","_jetpack_dont_email_post_to_subs":false,"_jetpack_newsletter_tier_id":0,"_jetpack_memberships_contains_paywalled_content":false,"_jetpack_memberships_contains_paid_content":false,"footnotes":"","jetpack_publicize_message":"","jetpack_publicize_feature_enabled":true,"jetpack_social_post_already_shared":true,"jetpack_social_options":{"image_generator_settings":{"template":"highway","enabled":false},"version":2}},"categories":[1],"tags":[],"class_list":["post-665","post","type-post","status-publish","format-standard","has-post-thumbnail","hentry","category-ueber-die-alpen"],"jetpack_publicize_connections":[],"jetpack_featured_media_url":"https:\/\/saschafluechter.de\/reisetagebuch\/wp-content\/uploads\/2019\/08\/img_5365.jpg","jetpack_sharing_enabled":true,"jetpack_shortlink":"https:\/\/wp.me\/pabUI4-aJ","_links":{"self":[{"href":"https:\/\/saschafluechter.de\/reisetagebuch\/wp-json\/wp\/v2\/posts\/665","targetHints":{"allow":["GET"]}}],"collection":[{"href":"https:\/\/saschafluechter.de\/reisetagebuch\/wp-json\/wp\/v2\/posts"}],"about":[{"href":"https:\/\/saschafluechter.de\/reisetagebuch\/wp-json\/wp\/v2\/types\/post"}],"author":[{"embeddable":true,"href":"https:\/\/saschafluechter.de\/reisetagebuch\/wp-json\/wp\/v2\/users\/2"}],"replies":[{"embeddable":true,"href":"https:\/\/saschafluechter.de\/reisetagebuch\/wp-json\/wp\/v2\/comments?post=665"}],"version-history":[{"count":21,"href":"https:\/\/saschafluechter.de\/reisetagebuch\/wp-json\/wp\/v2\/posts\/665\/revisions"}],"predecessor-version":[{"id":1061,"href":"https:\/\/saschafluechter.de\/reisetagebuch\/wp-json\/wp\/v2\/posts\/665\/revisions\/1061"}],"wp:featuredmedia":[{"embeddable":true,"href":"https:\/\/saschafluechter.de\/reisetagebuch\/wp-json\/wp\/v2\/media\/676"}],"wp:attachment":[{"href":"https:\/\/saschafluechter.de\/reisetagebuch\/wp-json\/wp\/v2\/media?parent=665"}],"wp:term":[{"taxonomy":"category","embeddable":true,"href":"https:\/\/saschafluechter.de\/reisetagebuch\/wp-json\/wp\/v2\/categories?post=665"},{"taxonomy":"post_tag","embeddable":true,"href":"https:\/\/saschafluechter.de\/reisetagebuch\/wp-json\/wp\/v2\/tags?post=665"}],"curies":[{"name":"wp","href":"https:\/\/api.w.org\/{rel}","templated":true}]}}